{"id":4432,"date":"2024-01-30T09:21:15","date_gmt":"2024-01-30T08:21:15","guid":{"rendered":"https:\/\/billerbeck.shop\/blog\/?p=4432"},"modified":"2025-06-24T09:51:00","modified_gmt":"2025-06-24T07:51:00","slug":"margrit-hess-15-jahre-billerbeck","status":"publish","type":"post","link":"https:\/\/billerbeck.shop\/blog\/ch\/margrit-hess-15-jahre-billerbeck\/","title":{"rendered":"Margrit Hess (65): \u00ab15 Jahre voller Power und Leidenschaft.\u00bb"},"content":{"rendered":"\n<p>Seit 15 Jahren ist die engagierte Margrit Hess bei der billerbeck Schweiz AG in Fischbach-G\u00f6slikon mit voller Leidenschaft und Herzblut im Einsatz. In den vielen Jahren konnte sie sich ein umfangreiches Know-how aneignen. Noch nie ist sie einem Arbeitgeber derart lange treu geblieben. \u00abDas traditionell gef\u00fchrte Familienunternehmen mit Produktionsbetrieb sowie das \u00e4usserst wertebasierte Leitbild haben mich von Anfang an inspiriert und in meiner Entscheidung best\u00e4rkt, eine neue, l\u00e4ngerfristige Herausforderung bei der billerbeck Schweiz AG anzunehmen.\u00bb<\/p>\n\n\n\n<p><br>Seit Beginn ist die Powerfrau Teil eines starken Teams, das sich gegenseitig unterst\u00fctzt und motiviert. Im Team lernt man viel voneinander, entwickelt sich weiter und kann gerade deswegen grosse Erfolge feiern. Gr\u00fcnde, die mitunter daf\u00fcr verantwortlich sind, dass Margrit jeden Tag freudvoll und motiviert zur Arbeit geht.<\/p>\n\n\n\n<h6 id=\"teamarbeit-ohne-ist-alles-nichts\" class=\"wp-block-heading\"><strong>Teamarbeit \u2013 ohne ist alles nichts<\/strong><\/h6>\n\n\n\n<p>Die vertrauensvolle und freundschaftliche Zusammenarbeit im Team hat f\u00fcr Margrit einen ganz besonderen Stellenwert. Getreu nach dem Motto \u00abAllein ist man stark, gemeinsam unschlagbar\u00bb hat sie sich in den vergangenen Jahren gerade wegen ihres unerm\u00fcdlichen Tatendrangs, ihrer Begeisterung f\u00fcr die Produkte und ihrer Warmherzigkeit in die Herzen aller Mitarbeitenden bef\u00f6rdert. F\u00fcr die bekennende Teamplayerin ist das 15-Jahr-Jubil\u00e4um nicht nur Grund zum Feiern, sondern auch dazu da, um Danke zu sagen. \u00abIch danke allen f\u00fcr die zahlreichen erreichten Erfolge; den Vorgesetzten f\u00fcr das in mich gesetzte Vertrauen, die Anerkennung meiner Leistung und die konsequente F\u00f6rderung. Herzlich danken m\u00f6chte ich auch den Mitarbeitern im ganzen Betrieb f\u00fcr die wertvolle Unterst\u00fctzung und Mitarbeit.\u00bb<\/p>\n\n\n\n<h6 id=\"eine-arbeitsstelle-die-nur-kurz-waehrte\" class=\"wp-block-heading\"><strong>Eine Arbeitsstelle, die nur kurz w\u00e4hrte<\/strong><\/h6>\n\n\n\n<p>An den ersten Arbeitstag bei der billerbeck Schweiz AG kann \u00abM\u00e4gi\u00bb, wie sie gerne genannt wird, sich noch exakt erinnern. Anfang Januar 2009 hatte sie die Stelle als Sachbearbeiterin im Verkaufsinnendienst angetreten. Alle Reklamationen und Retouren liefen \u00fcber ihren Schreibtisch.<\/p>\n\n\n\n<p>Dass die neue Mitarbeiterin keine Arbeit scheute, war schnell bekannt. So wurde Margrit nach nur neun Monaten von der Reklamationsdame zur Marketingspezialistin bef\u00f6rdert. Aufgrund ihrer vorhandenen Agenturerfahrung war die vakante Stelle wie geschaffen f\u00fcr sie. Auch heute arbeitet die aufgeschlossene Marketingfachfrau nach wie vor leidenschaftlich und \u00e4usserst zuverl\u00e4ssig. Im vierk\u00f6pfigen Marketingteam koordiniert und setzt sie die geplanten Marketingkonzepte und Verkaufsaktivit\u00e4ten durch. Margrit organisiert Messen und realisiert Shop-in-Shop-Systeme. Die qualitativ hochstehenden Markenprodukte aus der Schweiz darf sie gekonnt in Szene setzen und in einem emotionalen Rahmen pr\u00e4sentieren.<\/p>\n\n\n\n<p>Kein Tag ist wie der andere und das sch\u00e4tzt sie enorm. Eine Lieblingst\u00e4tigkeit habe sie nicht, daf\u00fcr sei ihr Job zu vielseitig, kreativ, anspruchsvoll und herausfordernd, verr\u00e4t die Marketingliebhaberin. \u00abMein Ziel, einen Job zu haben, der sich wie ein Hobby anf\u00fchlt, habe ich erreicht.\u00bb<\/p>\n\n\n\n<h6 id=\"praegende-erfolge-und-entwicklungen\" class=\"wp-block-heading\"><strong>Pr\u00e4gende Erfolge und Entwicklungen<\/strong><\/h6>\n\n\n\n<p>Die Liste der Highlights von Margrit ist lang. Das gr\u00f6sste Projekt war die Er\u00f6ffnung des Fabrikladens, bei der sie von A bis Z involviert war. Bei unz\u00e4hligen Arbeitsprozessen hat sie ihr K\u00f6nnen eingebracht. So war sie unter anderem an der Namensgebung, der Logokreation, dem Ladenkonzept, der Sortimentsgestaltung, dem Marketing, der Kommunikation sowie an der grossen Er\u00f6ffnungsfeier beteiligt. Im Ged\u00e4chtnis geblieben ist ihr auch ein getakteter Arbeitseinsatz bei einem einw\u00f6chigen Fotoshooting, bei dem unterschiedliche Schlafzimmer inszeniert wurden.<\/p>\n\n\n\n<p>Die Zeiten von damals haben sich gewandelt. Gerade im Marketing ist die Entwicklung der letzten Jahre sehr eindr\u00fccklich zu sp\u00fcren, wie Margrit ausf\u00fchrlich erkl\u00e4rt: \u00abHeute sind wir digitaler unterwegs. Fachmessen werden weniger besucht, damit werden auch pers\u00f6nliche Begegnungen immer schwieriger. Der virtuelle Kontakt ist die neue Realit\u00e4t, die k\u00fcnstliche Intelligenz die neue Revolution.\u00bb Auffallend sei auch, dass Text und Sprache vermehrt in den Hintergrund r\u00fccken, daf\u00fcr aber Bilder und Videos immer popul\u00e4rer werden. F\u00fcr die Branchenkennerin ist klar, dass Offenheit und Flexibilit\u00e4t zuk\u00fcnftig noch mehr an Bedeutung gewinnen werden.<\/p>\n\n\n\n<p>Vieles hat sich ver\u00e4ndert, doch bei einer Sache ist das Traditionsunternehmen standhaft geblieben. \u00abObwohl die Produktions- und Personalkosten in der Schweiz hoch sind, entwickelt und produziert die billerbeck Schweiz AG unter einem Dach.\u00bb Made in Switzerland geniesst nach wie vor einen sehr guten Ruf und zeugt von hoher Wertigkeit. Diese auf Nachhaltigkeit ausgerichtete Philosophie und die gelebten Unternehmenswerte sind es, mit denen sich Margrit sofort identifizieren konnte.<\/p>\n\n\n\n<h6 id=\"verspaeteter-ruhestand\" class=\"wp-block-heading\"><strong>Versp\u00e4teter Ruhestand<\/strong><\/h6>\n\n\n\n<p>Selbstverst\u00e4ndlich kann sich die fleissige und kompetente Marketingmitarbeiterin vorstellen, noch weitere 15 Jahre bei der billerbeck Schweiz AG zu arbeiten, doch: \u00abEigentlich w\u00e4re ich seit gut einem Jahr pensioniert. Ich habe aber die Chance bekommen, noch bis Ende dieses Jahres f\u00fcr die billerbeck Schweiz AG t\u00e4tig zu sein.\u00bb Und wer die stille Krampferin kennt, weiss, dass sie ihre Arbeit bis zu ihrem letzten Arbeitstag mit viel Ausdauer, Fachkompetenz, Empathie, Zuverl\u00e4ssigkeit und Leidenschaft meistert.<\/p>\n\n\n\n<p>Liebe M\u00e4gi, das ganze billerbeck-Team bedankt sich f\u00fcr deinen aussergew\u00f6hnlichen Einsatz und das \u00fcberragende Vertrauen. Sch\u00f6n, dass wir eine solche Powerfrau wie dich an unserer Seite haben. Vielen Dank f\u00fcr deine wertvolle und sehr gesch\u00e4tzte Arbeit, deine Ideen, dein Know-how, deine Zielstrebigkeit und Herzlichkeit in den letzten 15 Jahren. Danke f\u00fcr alles!<\/p>\n","protected":false},"excerpt":{"rendered":"Seit 15 Jahren ist die engagierte Margrit Hess bei der billerbeck Schweiz AG in Fischbach-G\u00f6slikon mit voller Leidenschaft&hellip;\n","protected":false},"author":3,"featured_media":5398,"comment_status":"closed","ping_status":"open","sticky":false,"template":"","format":"standard","meta":{"footnotes":""},"categories":[191],"tags":[210,214,215],"class_list":{"0":"post-4432","1":"post","2":"type-post","3":"status-publish","4":"format-standard","5":"has-post-thumbnail","7":"category-unternehmen","8":"tag-billerbeck-2","9":"tag-jubilaeum","10":"tag-mitarbeiter","11":"cs-entry","12":"cs-video-wrap"},"_links":{"self":[{"href":"https:\/\/billerbeck.shop\/blog\/ch\/wp-json\/wp\/v2\/posts\/4432","targetHints":{"allow":["GET"]}}],"collection":[{"href":"https:\/\/billerbeck.shop\/blog\/ch\/wp-json\/wp\/v2\/posts"}],"about":[{"href":"https:\/\/billerbeck.shop\/blog\/ch\/wp-json\/wp\/v2\/types\/post"}],"author":[{"embeddable":true,"href":"https:\/\/billerbeck.shop\/blog\/ch\/wp-json\/wp\/v2\/users\/3"}],"replies":[{"embeddable":true,"href":"https:\/\/billerbeck.shop\/blog\/ch\/wp-json\/wp\/v2\/comments?post=4432"}],"version-history":[{"count":2,"href":"https:\/\/billerbeck.shop\/blog\/ch\/wp-json\/wp\/v2\/posts\/4432\/revisions"}],"predecessor-version":[{"id":5360,"href":"https:\/\/billerbeck.shop\/blog\/ch\/wp-json\/wp\/v2\/posts\/4432\/revisions\/5360"}],"wp:featuredmedia":[{"embeddable":true,"href":"https:\/\/billerbeck.shop\/blog\/ch\/wp-json\/wp\/v2\/media\/5398"}],"wp:attachment":[{"href":"https:\/\/billerbeck.shop\/blog\/ch\/wp-json\/wp\/v2\/media?parent=4432"}],"wp:term":[{"taxonomy":"category","embeddable":true,"href":"https:\/\/billerbeck.shop\/blog\/ch\/wp-json\/wp\/v2\/categories?post=4432"},{"taxonomy":"post_tag","embeddable":true,"href":"https:\/\/billerbeck.shop\/blog\/ch\/wp-json\/wp\/v2\/tags?post=4432"}],"curies":[{"name":"wp","href":"https:\/\/api.w.org\/{rel}","templated":true}]}}