{"id":4772,"date":"2021-09-29T16:54:00","date_gmt":"2021-09-29T14:54:00","guid":{"rendered":"https:\/\/billerbeck.shop\/blog\/?p=4772"},"modified":"2025-06-24T13:28:32","modified_gmt":"2025-06-24T11:28:32","slug":"jubilaeumsjahr","status":"publish","type":"post","link":"https:\/\/billerbeck.shop\/blog\/ch\/jubilaeumsjahr\/","title":{"rendered":"Im Jubil\u00e4umsjahr ist billerbeck nicht zu \u00fcbersehen"},"content":{"rendered":"\n<p>Die Schweizer Traditionsmarke billerbeck feiert 100 Jahre Schlafkultur \u2013 und ist landauf, landab in aller Munde. In den wichtigsten Bahnh\u00f6fen der Schweiz zogen grosse Plakate die Blicke der Pendlerinnen und Pendler auf sich; und bald startet billerbeck mit einem Radio-Sponsoring zur besten Sendezeit.<\/p>\n\n\n\n<p><strong>Bahnreisende im Fokus<\/strong><\/p>\n\n\n\n<p>Das Key Visual der billerbeck-Jubil\u00e4umskampagne prangte im August auf 100 Plakatw\u00e4nden in den 12 am st\u00e4rksten frequentierten Bahnh\u00f6fen der Schweiz: Aarau, Basel, Bellinzona, Bern, Biel, Genf, Lausanne, Lugano, Luzern, St. Gallen, Winterthur und Z\u00fcrich. Das Ergebnis war eine Reichweite von mehr als 18 Millionen Kontakten. Ziel war es, die Konsumentinnen und Konsumenten dort anzusprechen, wo sie es von der billerbeck Schweiz AG bis jetzt nicht erwartet hatten: am Bahnhof, auf dem Weg zur Arbeit oder auf dem Heimweg.<\/p>\n\n\n\n<p><strong>Auf allen Kan\u00e4len<\/strong><\/p>\n\n\n\n<p>Mit dem Key Visual erzielten wir eine hohe Wiedererkennbarkeit unserer Verpackungen und Produkte in den L\u00e4den und auf den Verkaufsfl\u00e4chen. Zeitgleich wurden die speziell kreierten Jubil\u00e4umsprodukte an unsere Handelspartner ausgeliefert. Die Multi-Channel-Kommunikationskampagne im Jubil\u00e4umsjahr umfasst auch verschiedene Social-Media-Kan\u00e4le, Buswerbung, Newsletter und eigens geschaffene POS-Werbemittel.<\/p>\n\n\n\n<p><strong>Pr\u00e4sent in allen Landesteilen<\/strong><\/p>\n\n\n\n<p>Am 11. Oktober, exakt um 12.22 Uhr, startet zum Abschluss der Jubil\u00e4umskampagne auf den SRF-Kan\u00e4len ein Radio-Sponsoring, immer im Anschluss an die t\u00e4glichen Gespr\u00e4che mittags und abends zwischen Moderation und den SRF-Meteorologen: \u00ab\u2026pr\u00e4sentiert von billerbeck, dem Schweizer Experten f\u00fcr Duvets und Kissen \u2013 billerbeck.ch\u00bb. Das Radio-Sponsoring umfasst Deutsch- und Westschweiz sowie das Tessin. Alleine in der Deutschschweiz erreichen wir in diesen 14 Tagen mit 164 Nennungen \u00fcber 3 Millionen Zuh\u00f6rerinnen und Zuh\u00f6rer.<\/p>\n","protected":false},"excerpt":{"rendered":"Im Jubil\u00e4umsjahr ist billerbeck nicht zu \u00fcbersehen\n","protected":false},"author":3,"featured_media":4773,"comment_status":"closed","ping_status":"open","sticky":false,"template":"","format":"standard","meta":{"footnotes":""},"categories":[191],"tags":[210,214],"class_list":{"0":"post-4772","1":"post","2":"type-post","3":"status-publish","4":"format-standard","5":"has-post-thumbnail","7":"category-unternehmen","8":"tag-billerbeck-2","9":"tag-jubilaeum","10":"cs-entry","11":"cs-video-wrap"},"_links":{"self":[{"href":"https:\/\/billerbeck.shop\/blog\/ch\/wp-json\/wp\/v2\/posts\/4772","targetHints":{"allow":["GET"]}}],"collection":[{"href":"https:\/\/billerbeck.shop\/blog\/ch\/wp-json\/wp\/v2\/posts"}],"about":[{"href":"https:\/\/billerbeck.shop\/blog\/ch\/wp-json\/wp\/v2\/types\/post"}],"author":[{"embeddable":true,"href":"https:\/\/billerbeck.shop\/blog\/ch\/wp-json\/wp\/v2\/users\/3"}],"replies":[{"embeddable":true,"href":"https:\/\/billerbeck.shop\/blog\/ch\/wp-json\/wp\/v2\/comments?post=4772"}],"version-history":[{"count":2,"href":"https:\/\/billerbeck.shop\/blog\/ch\/wp-json\/wp\/v2\/posts\/4772\/revisions"}],"predecessor-version":[{"id":5063,"href":"https:\/\/billerbeck.shop\/blog\/ch\/wp-json\/wp\/v2\/posts\/4772\/revisions\/5063"}],"wp:featuredmedia":[{"embeddable":true,"href":"https:\/\/billerbeck.shop\/blog\/ch\/wp-json\/wp\/v2\/media\/4773"}],"wp:attachment":[{"href":"https:\/\/billerbeck.shop\/blog\/ch\/wp-json\/wp\/v2\/media?parent=4772"}],"wp:term":[{"taxonomy":"category","embeddable":true,"href":"https:\/\/billerbeck.shop\/blog\/ch\/wp-json\/wp\/v2\/categories?post=4772"},{"taxonomy":"post_tag","embeddable":true,"href":"https:\/\/billerbeck.shop\/blog\/ch\/wp-json\/wp\/v2\/tags?post=4772"}],"curies":[{"name":"wp","href":"https:\/\/api.w.org\/{rel}","templated":true}]}}